{"id":167,"date":"2008-11-10T23:19:10","date_gmt":"2008-11-10T22:19:10","guid":{"rendered":"https:\/\/q1n54kp45c.onrocket.site\/om-beticht-advocaat-van-tunnelvisie\/"},"modified":"2008-11-10T23:19:10","modified_gmt":"2008-11-10T22:19:10","slug":"om-beticht-advocaat-van-tunnelvisie","status":"publish","type":"post","link":"https:\/\/www.strafrechtadvocaten.nl\/pl\/om-beticht-advocaat-van-tunnelvisie\/","title":{"rendered":"OM beticht advocaat van tunnelvisie"},"content":{"rendered":"<p>MAASTRICHT \u2013 Raadsman Peer Szmkowiak van Stephan P., hoofdverdachte van de doodslag op Fer Loontjens (47) uit Geleen, lijdt aan een tunnelvisie. Zijn conclusie dat P. (32) het dodelijke letsel in elk geval niet kan hebben toegebracht, is gebaseerd op drijfzand. Een opmerkelijke stellingname van officier van justitie Rogier gisteren voor de rechtbank in Maastricht. Doorgaans is het juist het openbaar ministerie dat wordt beticht van tunnelvisie. De officier reageerde op het pleidoor van Szymkowiak, die de rechtbank vroeg zijn cli\u00ebnt wegens gebrek aan bewijs vrij te spreken van het medeplegen van doodslag. Het openbaar ministerie heeft tien jaar tegen hem ge\u00ebist. \u201cHet is niet aangetoond wie het dodelijke letsel heeft toegebracht; ik sluit zelfs niet uit dat een combinatie van gewelddadigheden tot de dood van het slachtoffer heeft geleid\u201d, aldus de officier.Szymkowiak, die zelf niet aanwezig kon zijn, liet via zijn confrere Serge Weening weten dat hij een duidelijk andere mening heeft over het bewijs. \u201cDe officier van justitie stelt: als er geen bewijs is, kan het er toch zijn. Zij fantaseert.\u201d<\/p>\n<p>Fer Loontjens werd op carnavalszondag in een Geleen caf\u00e9 dusdanig mishandeld dat hij dertien dagen later aan de gevolgen overleed. \u201cIk heb dit niet gewild,\u201d zie P. in zijn laatste woorde. \u201cIk vergeet niet dat wat ik ook zeg, het leed bij de nabestaanden niet verazht kan worden. Ik weet dat ik hiervoor straf zal krijgen en neem mijn verantwoordelijkheid. Ik hoop dat de Nederlandse overheid dat ook doet jegens het Molukse volk.\u201d<\/p>\n<p>De enige andere van de zeven verdachten die gebruik maakte van zijn recht op het laatste woord, was Gennaro S. (33). Ook tegen hem is tien jaar ge\u00ebist, omdat het OM hem ziet als aanstichter van de vechtpartij die Loontjens het leven kostte. \u201cIk heb hem niet aangeraakt. Ik wil niet gestraft worden voor dingen die ik niet heb gedaan.\u201d Voor \u00e9\u00e9n verdachte heeft OM vrijspraak gevraagd; tegen twee anderen is acht jaar ge\u00ebist wegens medeplegen van doodslag, hun advocaten stellen dat daar geen bewijs voor is. Weer twee anderne moeten volgens het OM twee jaar krijgen voor openlijke geweldpleging, maar daar deze twee zelf geen geweld hebben toegepast, dienen zij volgens hun advocaten te worden vrijgesproken.<\/p>\n<h3>De verdachte(n) in deze zaak wordt bijgestaan door:<\/h3><\/p>\n","protected":false},"excerpt":{"rendered":"<p>MAASTRICHT \u2013 Raadsman Peer Szmkowiak van Stephan P., hoofdverdachte van de doodslag op Fer Loontjens (47) uit Geleen, lijdt aan een tunnelvisie. Zijn conclusie dat P. (32) het dodelijke letsel in elk geval niet kan hebben toegebracht, is gebaseerd op drijfzand. Een opmerkelijke stellingname van officier van justitie Rogier gisteren voor de rechtbank in Maastricht. [&hellip;]<\/p>\n","protected":false},"author":2,"featured_media":0,"comment_status":"closed","ping_status":"closed","sticky":false,"template":"","format":"standard","meta":{"footnotes":""},"categories":[10,51,63,5,22,78],"tags":[],"class_list":["post-167","post","type-post","status-publish","format-standard","hentry","category-carnavalsmoord-geleen","category-geweld","category-moord-en-doodslag","category-serge-weening","category-spraakmakende-strafzaken","category-terrorisme"],"_links":{"self":[{"href":"https:\/\/www.strafrechtadvocaten.nl\/pl\/wp-json\/wp\/v2\/posts\/167","targetHints":{"allow":["GET"]}}],"collection":[{"href":"https:\/\/www.strafrechtadvocaten.nl\/pl\/wp-json\/wp\/v2\/posts"}],"about":[{"href":"https:\/\/www.strafrechtadvocaten.nl\/pl\/wp-json\/wp\/v2\/types\/post"}],"author":[{"embeddable":true,"href":"https:\/\/www.strafrechtadvocaten.nl\/pl\/wp-json\/wp\/v2\/users\/2"}],"replies":[{"embeddable":true,"href":"https:\/\/www.strafrechtadvocaten.nl\/pl\/wp-json\/wp\/v2\/comments?post=167"}],"version-history":[{"count":0,"href":"https:\/\/www.strafrechtadvocaten.nl\/pl\/wp-json\/wp\/v2\/posts\/167\/revisions"}],"wp:attachment":[{"href":"https:\/\/www.strafrechtadvocaten.nl\/pl\/wp-json\/wp\/v2\/media?parent=167"}],"wp:term":[{"taxonomy":"category","embeddable":true,"href":"https:\/\/www.strafrechtadvocaten.nl\/pl\/wp-json\/wp\/v2\/categories?post=167"},{"taxonomy":"post_tag","embeddable":true,"href":"https:\/\/www.strafrechtadvocaten.nl\/pl\/wp-json\/wp\/v2\/tags?post=167"}],"curies":[{"name":"wp","href":"https:\/\/api.w.org\/{rel}","templated":true}]}}