{"id":1089,"date":"2018-05-29T14:17:17","date_gmt":"2018-05-29T12:17:17","guid":{"rendered":"https:\/\/q1n54kp45c.onrocket.site\/om-twee-schutters-bij-oeverwalmoord-in-maastricht-limburger-nl\/"},"modified":"2018-05-29T14:17:17","modified_gmt":"2018-05-29T12:17:17","slug":"om-twee-schutters-bij-oeverwalmoord-in-maastricht-limburger-nl","status":"publish","type":"post","link":"https:\/\/www.strafrechtadvocaten.nl\/de\/om-twee-schutters-bij-oeverwalmoord-in-maastricht-limburger-nl\/","title":{"rendered":"OM: Twee schutters bij Oeverwalmoord in Maastricht (Limburger.nl)"},"content":{"rendered":"<p>Soufian Lahnstein is op 1 december 2013 niet door \u00e9\u00e9n maar door twee mannen doodgeschoten. Daar is officier van justitie David van Kuppenveld van overtuigd.<\/p>\n<p>In zijn visie heeft zowel Albanees Perparim S. (38) als zijn medeverdachte Mario Z. (63) uit Luik op de Oeverwal in Maastricht een kogel afgevuurd op de 28-jarige Maastrichtenaar. Hij zei dat dinsdag in de rechtbank van Roermond tijdens een tussentijdse zitting over de geruchtmakende moordzaak.<\/p>\n<p><strong>Allebei<\/strong><\/p>\n<p>De twee verdachten hebben tot nu toe weinig verklaard over de toedracht van de schietpartij aan de rand van het centrum van Maastricht. Vaststaat dat ze elkaar de schuld in de schoenen willen schuiven. \u201cZe hebben het allebei gedaan,\u201d zegt Van Kuppenveld.<\/p>\n<p>Dinsdagmorgen bleek verrassend dat Albanees Perparim S. al negen maanden in het huis van bewaring in Ter Apel zit. De man blijkt zich in de herfst van 2017 uit eigen beweging bij de politie in Nederland te hebben gemeld.<\/p>\n<p><strong>Albani\u00eb<\/strong><\/p>\n<p>De opsporingsautoriteiten wisten al geruime tijd dat de moordverdachte via Belgi\u00eb de benen had genomen naar Albani\u00eb. Toen ze hem op het spoor kwamen, bleek hij daar in de cel te zitten voor een andere zaak. Albani\u00eb levert geen landgenoten uit aan Nederland.<\/p>\n<p>Luikenaar Mario Z. kwam in deze zaak enkele keren op vrije voeten, maar belandde uiteindelijk weer in de cel. De zaak gaat later dit jaar verder.<\/p>\n<h3>De verdachte(n) in deze zaak wordt bijgestaan door:<\/h3><\/p>\n","protected":false},"excerpt":{"rendered":"<p>Soufian Lahnstein is op 1 december 2013 niet door \u00e9\u00e9n maar door twee mannen doodgeschoten. Daar is officier van justitie David van Kuppenveld van overtuigd. In zijn visie heeft zowel Albanees Perparim S. (38) als zijn medeverdachte Mario Z. (63) uit Luik op de Oeverwal in Maastricht een kogel afgevuurd op de 28-jarige Maastrichtenaar. Hij [&hellip;]<\/p>\n","protected":false},"author":2,"featured_media":0,"comment_status":"closed","ping_status":"closed","sticky":false,"template":"","format":"standard","meta":{"footnotes":""},"categories":[63,5],"tags":[],"class_list":["post-1089","post","type-post","status-publish","format-standard","hentry","category-moord-en-doodslag","category-serge-weening"],"_links":{"self":[{"href":"https:\/\/www.strafrechtadvocaten.nl\/de\/wp-json\/wp\/v2\/posts\/1089","targetHints":{"allow":["GET"]}}],"collection":[{"href":"https:\/\/www.strafrechtadvocaten.nl\/de\/wp-json\/wp\/v2\/posts"}],"about":[{"href":"https:\/\/www.strafrechtadvocaten.nl\/de\/wp-json\/wp\/v2\/types\/post"}],"author":[{"embeddable":true,"href":"https:\/\/www.strafrechtadvocaten.nl\/de\/wp-json\/wp\/v2\/users\/2"}],"replies":[{"embeddable":true,"href":"https:\/\/www.strafrechtadvocaten.nl\/de\/wp-json\/wp\/v2\/comments?post=1089"}],"version-history":[{"count":0,"href":"https:\/\/www.strafrechtadvocaten.nl\/de\/wp-json\/wp\/v2\/posts\/1089\/revisions"}],"wp:attachment":[{"href":"https:\/\/www.strafrechtadvocaten.nl\/de\/wp-json\/wp\/v2\/media?parent=1089"}],"wp:term":[{"taxonomy":"category","embeddable":true,"href":"https:\/\/www.strafrechtadvocaten.nl\/de\/wp-json\/wp\/v2\/categories?post=1089"},{"taxonomy":"post_tag","embeddable":true,"href":"https:\/\/www.strafrechtadvocaten.nl\/de\/wp-json\/wp\/v2\/tags?post=1089"}],"curies":[{"name":"wp","href":"https:\/\/api.w.org\/{rel}","templated":true}]}}